[{"command":"add_js","selector":"body","data":[{"src":"\/files\/es\/js\/js_9T00N7GF3d27rdHEw4YmnIXutRXRbSXGeLT6JNUF5RQ.js?scope=footer\u0026delta=0\u0026language=es\u0026theme=weber_base\u0026include=eJzLSayqzMlPTEkt0s8BMoszq1KLdXMz8wB7jAnG"}]},{"command":"insert","method":"replaceWith","selector":"#meet-category-401","data":"\u003Ca href=\u0022\/ajax\/meet-weber-articles?category=401\u0022 class=\u0022btn btn-outline btn-default center-block articles-list-category use-ajax\u0022 id=\u0022meet-category-401\u0022\u003EInnovaci\u00f3n y Desarrollo\u003C\/a\u003E","settings":null},{"command":"insert","method":"replaceWith","selector":"#meet-category-406","data":"\u003Ca href=\u0022\/ajax\/meet-weber-articles?category=406\u0022 class=\u0022btn btn-outline btn-default center-block articles-list-category use-ajax\u0022 id=\u0022meet-category-406\u0022\u003EEventos y Formaci\u00f3n\u003C\/a\u003E","settings":null},{"command":"insert","method":"replaceWith","selector":"#meet-category-411","data":"\u003Ca href=\u0022\/ajax\/meet-weber-articles?category=411\u0022 class=\u0022btn btn-outline btn-default center-block articles-list-category use-ajax\u0022 id=\u0022meet-category-411\u0022\u003ESostenibilidad y Salud\u003C\/a\u003E","settings":null},{"command":"insert","method":"replaceWith","selector":"#meet-category-416","data":"\u003Ca href=\u0022\/ajax\/meet-weber-articles?category=416\u0022 class=\u0022btn btn-outline btn-default center-block articles-list-category use-ajax\u0022 id=\u0022meet-category-416\u0022\u003EResponsabilidad Social Corporativa\u003C\/a\u003E","settings":null},{"command":"insert","method":"replaceWith","selector":"#meet-category-581","data":"\u003Ca href=\u0022\/ajax\/meet-weber-articles\u0022 class=\u0022btn btn-outline btn-default center-block articles-list-category use-ajax\u0022 id=\u0022meet-category-581\u0022 style=\u0022background-color: #ccc\u0022\u003E\u003Cspan class=\u0022fa fa-close\u0022 style=\u0022margin-right: 4px;\u0022\u003E\u003C\/span\u003EReconocimientos y Premios\u003C\/a\u003E","settings":null},{"command":"insert","method":"replaceWith","selector":"#meet-category-2316","data":"\u003Ca href=\u0022\/ajax\/meet-weber-articles?category=2316\u0022 class=\u0022btn btn-outline btn-default center-block articles-list-category use-ajax\u0022 id=\u0022meet-category-2316\u0022\u003EProductos y Sistemas\u003C\/a\u003E","settings":null},{"command":"insert","method":"replaceWith","selector":"#meet-show-more","data":"\u003Ca href=\u0022\/ajax\/meet-weber-articles?page=1\u0026amp;category=581\u0022 class=\u0022btn btn-outline btn-default use-ajax\u0022 id=\u0022meet-show-more\u0022\u003EM\u00e1s art\u00edculos\u003C\/a\u003E","settings":null},{"command":"insertWithRefreshMaxHeight","method":"replaceWith","selector":"#articlesList","data":"\u003Cdiv id=\u0022articlesList\u0022 class=\u0022row\u0022\u003E\u003Cdiv class=\u0022col-sm-6 col-md-4\u0022\u003E\n  \u003Ca href=\u0022\/daniel-pastor-asume-la-direccion-general-de-saint-gobain-quimicos-para-la-construccion\u0022 data-mh=\u0022thumbnail\u0022 class=\u0022thumbnail thumbnail-default\u0022\u003E\n          \u003Cdiv class=\u0022thumbnail-image\u0022\u003E\n              \u003Cimg alt=\u0022Daniel Pastor\u0022 title=\u0022Daniel Pastor\u0022 src=\u0022\/themes\/custom\/weber_base\/assets\/images\/placeholder.svg\u0022 width=\u0022768\u0022 height=\u0022432\u0022 loading=\u0022lazy\u0022 class=\u0022lazyload\u0022 data-src=\u0022\/files\/es\/styles\/768x432\/public\/pictures\/2026-01\/Daniel%20Pastor.png.webp?itok=Xd_yfQIr\u0022 \/\u003E\n\n\n\n\n      \u003C\/div\u003E\n        \u003Cdiv class=\u0022caption\u0022\u003E\n              \u003Cdiv class=\u0022meta\u0022\u003E\u003Cspan class=\u0022label label-primary\u0022\u003E    Reconocimientos y Premios\n\u003C\/span\u003E\u003C\/div\u003E\n            \u003Ch3 class=\u0022thumbnail-title\u0022\u003EDaniel Pastor asume la Direcci\u00f3n General de Saint-Gobain Qu\u00edmicos para la Construcci\u00f3n\u003C\/h3\u003E\n    \u003C\/div\u003E\n  \u003C\/a\u003E\n\u003C\/div\u003E\n\u003Cdiv class=\u0022col-sm-6 col-md-4\u0022\u003E\n  \u003Ca href=\u0022\/saint-gobain-weber-abre-la-votacion-para-elegir-los-ganadores-de-la-xvi-edicion-de-los-premios-llana-de-oro\u0022 data-mh=\u0022thumbnail\u0022 class=\u0022thumbnail thumbnail-default\u0022\u003E\n          \u003Cdiv class=\u0022thumbnail-image\u0022\u003E\n              \u003Cimg alt=\u0022Foto ganadores Llana de Oro\u0022 title=\u0022Foto ganadores Llana de Oro\u0022 src=\u0022\/themes\/custom\/weber_base\/assets\/images\/placeholder.svg\u0022 width=\u0022768\u0022 height=\u0022432\u0022 loading=\u0022lazy\u0022 class=\u0022lazyload\u0022 data-src=\u0022\/files\/es\/styles\/768x432\/public\/pictures\/2026-02\/Foto%20grupo%20ganadores%20categor%C3%ADa%20fachadas_3.jpg.webp?itok=ahdB0s60\u0022 \/\u003E\n\n\n\n\n      \u003C\/div\u003E\n        \u003Cdiv class=\u0022caption\u0022\u003E\n              \u003Cdiv class=\u0022meta\u0022\u003E\u003Cspan class=\u0022label label-primary\u0022\u003E    Reconocimientos y Premios\n\u003C\/span\u003E\u003C\/div\u003E\n            \u003Ch3 class=\u0022thumbnail-title\u0022\u003ESAINT\u2011GOBAIN WEBER ABRE LA VOTACI\u00d3N PARA ELEGIR A LOS GANADORES DE LA XVI EDICI\u00d3N DE LOS PREMIOS LLANA DE ORO\u003C\/h3\u003E\n    \u003C\/div\u003E\n  \u003C\/a\u003E\n\u003C\/div\u003E\n\u003Cdiv class=\u0022col-sm-6 col-md-4\u0022\u003E\n  \u003Ca href=\u0022\/saint-gobain-weber-distingue-los-mejores-aplicadores-del-pais-en-los-xvi-premios-llana-de-oro\u0022 data-mh=\u0022thumbnail\u0022 class=\u0022thumbnail thumbnail-default\u0022\u003E\n          \u003Cdiv class=\u0022thumbnail-image\u0022\u003E\n              \u003Cimg alt=\u0022Encuentro Caliclub\u0022 title=\u0022Encuentro Caliclub\u0022 src=\u0022\/themes\/custom\/weber_base\/assets\/images\/placeholder.svg\u0022 width=\u0022768\u0022 height=\u0022432\u0022 loading=\u0022lazy\u0022 class=\u0022lazyload\u0022 data-src=\u0022\/files\/es\/styles\/768x432\/public\/pictures\/2026-02\/Encuentro%20Caliclub%202023_1.jpg.webp?itok=Qw0iBdo_\u0022 \/\u003E\n\n\n\n\n      \u003C\/div\u003E\n        \u003Cdiv class=\u0022caption\u0022\u003E\n              \u003Cdiv class=\u0022meta\u0022\u003E\u003Cspan class=\u0022label label-primary\u0022\u003E    Reconocimientos y Premios\n\u003C\/span\u003E\u003C\/div\u003E\n            \u003Ch3 class=\u0022thumbnail-title\u0022\u003ESAINT\u2011GOBAIN WEBER DISTINGUE A LOS MEJORES APLICADORES DEL PA\u00cdS EN LOS XVI PREMIOS LLANA DE ORO\u003C\/h3\u003E\n    \u003C\/div\u003E\n  \u003C\/a\u003E\n\u003C\/div\u003E\n\u003Cdiv class=\u0022col-sm-6 col-md-4\u0022\u003E\n  \u003Ca href=\u0022\/saint-gobain-weber-obtiene-la-certificacion-alimentaria-haccp-para-la-gama-weberfloor-paicrete\u0022 data-mh=\u0022thumbnail\u0022 class=\u0022thumbnail thumbnail-default\u0022\u003E\n          \u003Cdiv class=\u0022thumbnail-image\u0022\u003E\n              \u003Cimg alt=\u0022PAICRETE alimentacion\u0022 title=\u0022PAICRETE alimentacion\u0022 src=\u0022\/themes\/custom\/weber_base\/assets\/images\/placeholder.svg\u0022 width=\u0022768\u0022 height=\u0022432\u0022 loading=\u0022lazy\u0022 class=\u0022lazyload\u0022 data-src=\u0022\/files\/es\/styles\/768x432\/public\/pictures\/2022-05\/shutterstock_1305198910_PAICRETE.jpg.webp?itok=0Xinz4bi\u0022 \/\u003E\n\n\n\n\n      \u003C\/div\u003E\n        \u003Cdiv class=\u0022caption\u0022\u003E\n              \u003Cdiv class=\u0022meta\u0022\u003E\u003Cspan class=\u0022label label-primary\u0022\u003E    Reconocimientos y Premios\n\u003C\/span\u003E\u003C\/div\u003E\n            \u003Ch3 class=\u0022thumbnail-title\u0022\u003ESaint-Gobain Weber obtiene la certificaci\u00f3n alimentaria HACCP para la gama weberfloor PAICRETE\u003C\/h3\u003E\n    \u003C\/div\u003E\n  \u003C\/a\u003E\n\u003C\/div\u003E\n\u003Cdiv class=\u0022col-sm-6 col-md-4\u0022\u003E\n  \u003Ca href=\u0022\/sistemas-webertherm-en-la-envolvente-termica-del-hotel-barcelona-1882\u0022 data-mh=\u0022thumbnail\u0022 class=\u0022thumbnail thumbnail-default\u0022\u003E\n          \u003Cdiv class=\u0022thumbnail-image\u0022\u003E\n              \u003Cimg alt=\u0022Hotel Barcelona 1882\u0022 title=\u0022Hotel Barcelona 1882\u0022 src=\u0022\/themes\/custom\/weber_base\/assets\/images\/placeholder.svg\u0022 width=\u0022768\u0022 height=\u0022432\u0022 loading=\u0022lazy\u0022 class=\u0022lazyload\u0022 data-src=\u0022\/files\/es\/styles\/768x432\/public\/pictures\/2019-02\/Hotel-1882.png.webp?itok=9kpXmCQU\u0022 \/\u003E\n\n\n\n\n      \u003C\/div\u003E\n        \u003Cdiv class=\u0022caption\u0022\u003E\n              \u003Cdiv class=\u0022meta\u0022\u003E\u003Cspan class=\u0022label label-primary\u0022\u003E    Reconocimientos y Premios\n\u003C\/span\u003E\u003C\/div\u003E\n            \u003Ch3 class=\u0022thumbnail-title\u0022\u003ESistemas webertherm en la envolvente t\u00e9rmica del Hotel Barcelona 1882\u003C\/h3\u003E\n    \u003C\/div\u003E\n  \u003C\/a\u003E\n\u003C\/div\u003E\n\u003Cdiv class=\u0022col-sm-6 col-md-4\u0022\u003E\n  \u003Ca href=\u0022\/saint-gobain-weber-finalista-en-los-premios-prevencionar-2018\u0022 data-mh=\u0022thumbnail\u0022 class=\u0022thumbnail thumbnail-default\u0022\u003E\n          \u003Cdiv class=\u0022thumbnail-image\u0022\u003E\n              \u003Cimg alt=\u0022Prevencionar 2018\u0022 title=\u0022Prevencionar 2018\u0022 src=\u0022\/themes\/custom\/weber_base\/assets\/images\/placeholder.svg\u0022 width=\u0022768\u0022 height=\u0022432\u0022 loading=\u0022lazy\u0022 class=\u0022lazyload\u0022 data-src=\u0022\/files\/es\/styles\/768x432\/public\/pictures\/2018-11\/Prevencionar-2018.jpg.webp?itok=XHbOey7U\u0022 \/\u003E\n\n\n\n\n      \u003C\/div\u003E\n        \u003Cdiv class=\u0022caption\u0022\u003E\n              \u003Cdiv class=\u0022meta\u0022\u003E\u003Cspan class=\u0022label label-primary\u0022\u003E    Reconocimientos y Premios\n\u003C\/span\u003E\u003C\/div\u003E\n            \u003Ch3 class=\u0022thumbnail-title\u0022\u003ESaint-Gobain Weber finalista en los Premios Prevencionar 2018\u003C\/h3\u003E\n    \u003C\/div\u003E\n  \u003C\/a\u003E\n\u003C\/div\u003E\n\u003C\/div\u003E","settings":null}]