[{"command":"add_js","selector":"body","data":[{"src":"\/files\/es\/js\/js_9T00N7GF3d27rdHEw4YmnIXutRXRbSXGeLT6JNUF5RQ.js?scope=footer\u0026delta=0\u0026language=es\u0026theme=weber_base\u0026include=eJzLSayqzMlPTEkt0s8BMoszq1KLdXMz8wB7jAnG"}]},{"command":"insert","method":"replaceWith","selector":"#meet-category-401","data":"\u003Ca href=\u0022\/ajax\/meet-weber-articles?category=401\u0022 class=\u0022btn btn-outline btn-default center-block articles-list-category use-ajax\u0022 id=\u0022meet-category-401\u0022\u003EInnovaci\u00f3n y Desarrollo\u003C\/a\u003E","settings":null},{"command":"insert","method":"replaceWith","selector":"#meet-category-406","data":"\u003Ca href=\u0022\/ajax\/meet-weber-articles?category=406\u0022 class=\u0022btn btn-outline btn-default center-block articles-list-category use-ajax\u0022 id=\u0022meet-category-406\u0022\u003EEventos y Formaci\u00f3n\u003C\/a\u003E","settings":null},{"command":"insert","method":"replaceWith","selector":"#meet-category-411","data":"\u003Ca href=\u0022\/ajax\/meet-weber-articles\u0022 class=\u0022btn btn-outline btn-default center-block articles-list-category use-ajax\u0022 id=\u0022meet-category-411\u0022 style=\u0022background-color: #ccc\u0022\u003E\u003Cspan class=\u0022fa fa-close\u0022 style=\u0022margin-right: 4px;\u0022\u003E\u003C\/span\u003ESostenibilidad y Salud\u003C\/a\u003E","settings":null},{"command":"insert","method":"replaceWith","selector":"#meet-category-416","data":"\u003Ca href=\u0022\/ajax\/meet-weber-articles?category=416\u0022 class=\u0022btn btn-outline btn-default center-block articles-list-category use-ajax\u0022 id=\u0022meet-category-416\u0022\u003EResponsabilidad Social Corporativa\u003C\/a\u003E","settings":null},{"command":"insert","method":"replaceWith","selector":"#meet-category-581","data":"\u003Ca href=\u0022\/ajax\/meet-weber-articles?category=581\u0022 class=\u0022btn btn-outline btn-default center-block articles-list-category use-ajax\u0022 id=\u0022meet-category-581\u0022\u003EReconocimientos y Premios\u003C\/a\u003E","settings":null},{"command":"insert","method":"replaceWith","selector":"#meet-category-2316","data":"\u003Ca href=\u0022\/ajax\/meet-weber-articles?category=2316\u0022 class=\u0022btn btn-outline btn-default center-block articles-list-category use-ajax\u0022 id=\u0022meet-category-2316\u0022\u003EProductos y Sistemas\u003C\/a\u003E","settings":null},{"command":"insert","method":"replaceWith","selector":"#meet-show-more","data":"\u003Ca href=\u0022\/ajax\/meet-weber-articles?page=1\u0026amp;category=411\u0022 class=\u0022btn btn-outline btn-default use-ajax\u0022 id=\u0022meet-show-more\u0022\u003EM\u00e1s art\u00edculos\u003C\/a\u003E","settings":null},{"command":"insertWithRefreshMaxHeight","method":"replaceWith","selector":"#articlesList","data":"\u003Cdiv id=\u0022articlesList\u0022 class=\u0022row\u0022\u003E\u003Cdiv class=\u0022col-sm-6 col-md-4\u0022\u003E\n  \u003Ca href=\u0022\/las-soluciones-de-saint-gobain-glass-y-weber-claves-en-el-nuevo-hospital-de-consumo-energetico-casi-nulo-de-tarragona\u0022 data-mh=\u0022thumbnail\u0022 class=\u0022thumbnail thumbnail-default\u0022\u003E\n          \u003Cdiv class=\u0022thumbnail-image\u0022\u003E\n              \u003Cimg alt=\u0022Hospital Viamed Tarragona\u0022 title=\u0022Hospital Viamed Tarragona\u0022 src=\u0022\/themes\/custom\/weber_base\/assets\/images\/placeholder.svg\u0022 width=\u0022768\u0022 height=\u0022432\u0022 loading=\u0022lazy\u0022 class=\u0022lazyload\u0022 data-src=\u0022\/files\/es\/styles\/768x432\/public\/pictures\/2026-03\/INTERIOR.jpg.webp?itok=jra48jtI\u0022 \/\u003E\n\n\n\n\n      \u003C\/div\u003E\n        \u003Cdiv class=\u0022caption\u0022\u003E\n              \u003Cdiv class=\u0022meta\u0022\u003E\u003Cspan class=\u0022label label-primary\u0022\u003E    Sostenibilidad y Salud\n\u003C\/span\u003E\u003C\/div\u003E\n            \u003Ch3 class=\u0022thumbnail-title\u0022\u003ELAS SOLUCIONES DE SAINT-GOBAIN GLASS Y WEBER, CLAVES EN EL NUEVO HOSPITAL DE CONSUMO ENERG\u00c9TICO CASI NULO DE TARRAGONA\u003C\/h3\u003E\n    \u003C\/div\u003E\n  \u003C\/a\u003E\n\u003C\/div\u003E\n\u003Cdiv class=\u0022col-sm-6 col-md-4\u0022\u003E\n  \u003Ca href=\u0022\/saint-gobain-presenta-el-barometro-de-los-hospitales-2025-en-barcelona\u0022 data-mh=\u0022thumbnail\u0022 class=\u0022thumbnail thumbnail-default\u0022\u003E\n          \u003Cdiv class=\u0022thumbnail-image\u0022\u003E\n              \u003Cimg alt=\u0022Saint Gobain presenta el Bar\u00f3metro de los Hospitales 2025 en Barcelona\u0022 title=\u0022Saint Gobain presenta el Bar\u00f3metro de los Hospitales 2025 en Barcelona\u0022 src=\u0022\/themes\/custom\/weber_base\/assets\/images\/placeholder.svg\u0022 width=\u0022768\u0022 height=\u0022432\u0022 loading=\u0022lazy\u0022 class=\u0022lazyload\u0022 data-src=\u0022\/files\/es\/styles\/768x432\/public\/pictures\/2025-10\/Imagen%20noticia%20Barometro%20para%20las%20webs.jpeg.webp?itok=eB6QIczD\u0022 \/\u003E\n\n\n\n\n      \u003C\/div\u003E\n        \u003Cdiv class=\u0022caption\u0022\u003E\n              \u003Cdiv class=\u0022meta\u0022\u003E\u003Cspan class=\u0022label label-primary\u0022\u003E    Sostenibilidad y Salud\n\u003C\/span\u003E\u003C\/div\u003E\n            \u003Ch3 class=\u0022thumbnail-title\u0022\u003ESaint Gobain presenta el Bar\u00f3metro de los Hospitales 2025 en Barcelona\u003C\/h3\u003E\n    \u003C\/div\u003E\n  \u003C\/a\u003E\n\u003C\/div\u003E\n\u003Cdiv class=\u0022col-sm-6 col-md-4\u0022\u003E\n  \u003Ca href=\u0022\/dia-mundial-de-la-eficiencia-energetica-5-de-marzo\u0022 data-mh=\u0022thumbnail\u0022 class=\u0022thumbnail thumbnail-default\u0022\u003E\n          \u003Cdiv class=\u0022thumbnail-image\u0022\u003E\n              \u003Cimg alt=\u0022bar\u00f3metro saint-gobain\u0022 title=\u0022bar\u00f3metro saint-gobain\u0022 src=\u0022\/themes\/custom\/weber_base\/assets\/images\/placeholder.svg\u0022 width=\u0022768\u0022 height=\u0022432\u0022 loading=\u0022lazy\u0022 class=\u0022lazyload\u0022 data-src=\u0022\/files\/es\/styles\/768x432\/public\/pictures\/2025-03\/Bar%C3%B3metro%20Saint-Gobain.png.webp?itok=nyyWP3_e\u0022 \/\u003E\n\n\n\n\n      \u003C\/div\u003E\n        \u003Cdiv class=\u0022caption\u0022\u003E\n              \u003Cdiv class=\u0022meta\u0022\u003E\u003Cspan class=\u0022label label-primary\u0022\u003E    Sostenibilidad y Salud\n\u003C\/span\u003E\u003C\/div\u003E\n            \u003Ch3 class=\u0022thumbnail-title\u0022\u003ED\u00eda Mundial de la Eficiencia Energ\u00e9tica (5 de marzo)\u003C\/h3\u003E\n    \u003C\/div\u003E\n  \u003C\/a\u003E\n\u003C\/div\u003E\n\u003Cdiv class=\u0022col-sm-6 col-md-4\u0022\u003E\n  \u003Ca href=\u0022\/el-residencial-bulevar-centro-consigue-una-imagen-renovada-de-su-entorno-con-soluciones-saint-gobain\u0022 data-mh=\u0022thumbnail\u0022 class=\u0022thumbnail thumbnail-default\u0022\u003E\n          \u003Cdiv class=\u0022thumbnail-image\u0022\u003E\n              \u003Cimg alt=\u0022EL RESIDENCIAL BULEVAR CENTRO CONSIGUE UNA IMAGEN RENOVADA DE SU ENTORNO CON SOLUCIONES SAINT-GOBAIN\u0022 title=\u0022EL RESIDENCIAL BULEVAR CENTRO CONSIGUE UNA IMAGEN RENOVADA DE SU ENTORNO CON SOLUCIONES SAINT-GOBAIN\u0022 src=\u0022\/themes\/custom\/weber_base\/assets\/images\/placeholder.svg\u0022 width=\u0022768\u0022 height=\u0022432\u0022 loading=\u0022lazy\u0022 class=\u0022lazyload\u0022 data-src=\u0022\/files\/es\/styles\/768x432\/public\/pictures\/2024-09\/71%20Viviendas%20Bulevar_01.jpg.webp?itok=Az_jfiL1\u0022 \/\u003E\n\n\n\n\n      \u003C\/div\u003E\n        \u003Cdiv class=\u0022caption\u0022\u003E\n              \u003Cdiv class=\u0022meta\u0022\u003E\u003Cspan class=\u0022label label-primary\u0022\u003E    Sostenibilidad y Salud\n\u003C\/span\u003E\u003C\/div\u003E\n            \u003Ch3 class=\u0022thumbnail-title\u0022\u003EEL RESIDENCIAL BULEVAR CENTRO CONSIGUE UNA IMAGEN RENOVADA DE SU ENTORNO CON SOLUCIONES SAINT-GOBAIN\u003C\/h3\u003E\n    \u003C\/div\u003E\n  \u003C\/a\u003E\n\u003C\/div\u003E\n\u003Cdiv class=\u0022col-sm-6 col-md-4\u0022\u003E\n  \u003Ca href=\u0022\/el-auge-de-las-reformas-la-poblacion-espanola-busca-el-equilibrio-entre-la-eficiencia-energetica-el-confort-y-la-estetica\u0022 data-mh=\u0022thumbnail\u0022 class=\u0022thumbnail thumbnail-default\u0022\u003E\n          \u003Cdiv class=\u0022thumbnail-image\u0022\u003E\n              \u003Cimg alt=\u0022EL AUGE DE LAS REFORMAS: LA POBLACI\u00d3N ESPA\u00d1OLA BUSCA EL EQUILIBRIO ENTRE LA EFICIENCIA ENERG\u00c9TICA, EL CONFORT Y LA EST\u00c9TICA\u0022 title=\u0022EL AUGE DE LAS REFORMAS: LA POBLACI\u00d3N ESPA\u00d1OLA BUSCA EL EQUILIBRIO ENTRE LA EFICIENCIA ENERG\u00c9TICA, EL CONFORT Y LA EST\u00c9TICA\u0022 src=\u0022\/themes\/custom\/weber_base\/assets\/images\/placeholder.svg\u0022 width=\u0022768\u0022 height=\u0022432\u0022 loading=\u0022lazy\u0022 class=\u0022lazyload\u0022 data-src=\u0022\/files\/es\/styles\/768x432\/public\/pictures\/2024-07\/motivaciones-para-reformar-2-a.png.webp?itok=A-rvT4Tn\u0022 \/\u003E\n\n\n\n\n      \u003C\/div\u003E\n        \u003Cdiv class=\u0022caption\u0022\u003E\n              \u003Cdiv class=\u0022meta\u0022\u003E\u003Cspan class=\u0022label label-primary\u0022\u003E    Sostenibilidad y Salud\n\u003C\/span\u003E\u003C\/div\u003E\n            \u003Ch3 class=\u0022thumbnail-title\u0022\u003EEL AUGE DE LAS REFORMAS: LA POBLACI\u00d3N ESPA\u00d1OLA BUSCA EL EQUILIBRIO ENTRE LA EFICIENCIA ENERG\u00c9TICA, EL CONFORT Y LA EST\u00c9TICA\u003C\/h3\u003E\n    \u003C\/div\u003E\n  \u003C\/a\u003E\n\u003C\/div\u003E\n\u003Cdiv class=\u0022col-sm-6 col-md-4\u0022\u003E\n  \u003Ca href=\u0022\/un-mundo-para-repensarlo-saint-gobain-re-imagina-una-nueva-gama-de-soluciones-constructivas-sostenibles-future\u0022 data-mh=\u0022thumbnail\u0022 class=\u0022thumbnail thumbnail-default\u0022\u003E\n          \u003Cdiv class=\u0022thumbnail-image\u0022\u003E\n              \u003Cimg alt=\u0022UN MUNDO PARA (RE)PENSARLO: SAINT-GOBAIN (RE) IMAGINA UNA NUEVA GAMA DE SOLUCIONES CONSTRUCTIVAS SOSTENIBLES: FUTURE\u0022 title=\u0022UN MUNDO PARA (RE)PENSARLO: SAINT-GOBAIN (RE) IMAGINA UNA NUEVA GAMA DE SOLUCIONES CONSTRUCTIVAS SOSTENIBLES: FUTURE\u0022 src=\u0022\/themes\/custom\/weber_base\/assets\/images\/placeholder.svg\u0022 width=\u0022768\u0022 height=\u0022432\u0022 loading=\u0022lazy\u0022 class=\u0022lazyload\u0022 data-src=\u0022\/files\/es\/styles\/768x432\/public\/pictures\/2024-03\/Gama-futuRE-banner.png.webp?itok=eX7TeNLX\u0022 \/\u003E\n\n\n\n\n      \u003C\/div\u003E\n        \u003Cdiv class=\u0022caption\u0022\u003E\n              \u003Cdiv class=\u0022meta\u0022\u003E\u003Cspan class=\u0022label label-primary\u0022\u003E    Innovaci\u00f3n y Desarrollo\n    Sostenibilidad y Salud\n\u003C\/span\u003E\u003C\/div\u003E\n            \u003Ch3 class=\u0022thumbnail-title\u0022\u003EUN MUNDO PARA (RE)PENSARLO: SAINT-GOBAIN (RE) IMAGINA UNA NUEVA GAMA DE SOLUCIONES CONSTRUCTIVAS SOSTENIBLES: FUTURE\u003C\/h3\u003E\n    \u003C\/div\u003E\n  \u003C\/a\u003E\n\u003C\/div\u003E\n\u003C\/div\u003E","settings":null}]