[{"command":"add_js","selector":"body","data":[{"src":"\/files\/es\/js\/js_9T00N7GF3d27rdHEw4YmnIXutRXRbSXGeLT6JNUF5RQ.js?scope=footer\u0026delta=0\u0026language=es\u0026theme=weber_base\u0026include=eJzLSayqzMlPTEkt0s8BMoszq1KLdXMz8wB7jAnG"}]},{"command":"insert","method":"replaceWith","selector":"#meet-category-401","data":"\u003Ca href=\u0022\/ajax\/meet-weber-articles?category=401\u0022 class=\u0022btn btn-outline btn-default center-block articles-list-category use-ajax\u0022 id=\u0022meet-category-401\u0022\u003EInnovaci\u00f3n y Desarrollo\u003C\/a\u003E","settings":null},{"command":"insert","method":"replaceWith","selector":"#meet-category-406","data":"\u003Ca href=\u0022\/ajax\/meet-weber-articles\u0022 class=\u0022btn btn-outline btn-default center-block articles-list-category use-ajax\u0022 id=\u0022meet-category-406\u0022 style=\u0022background-color: #ccc\u0022\u003E\u003Cspan class=\u0022fa fa-close\u0022 style=\u0022margin-right: 4px;\u0022\u003E\u003C\/span\u003EEventos y Formaci\u00f3n\u003C\/a\u003E","settings":null},{"command":"insert","method":"replaceWith","selector":"#meet-category-411","data":"\u003Ca href=\u0022\/ajax\/meet-weber-articles?category=411\u0022 class=\u0022btn btn-outline btn-default center-block articles-list-category use-ajax\u0022 id=\u0022meet-category-411\u0022\u003ESostenibilidad y Salud\u003C\/a\u003E","settings":null},{"command":"insert","method":"replaceWith","selector":"#meet-category-416","data":"\u003Ca href=\u0022\/ajax\/meet-weber-articles?category=416\u0022 class=\u0022btn btn-outline btn-default center-block articles-list-category use-ajax\u0022 id=\u0022meet-category-416\u0022\u003EResponsabilidad Social Corporativa\u003C\/a\u003E","settings":null},{"command":"insert","method":"replaceWith","selector":"#meet-category-581","data":"\u003Ca href=\u0022\/ajax\/meet-weber-articles?category=581\u0022 class=\u0022btn btn-outline btn-default center-block articles-list-category use-ajax\u0022 id=\u0022meet-category-581\u0022\u003EReconocimientos y Premios\u003C\/a\u003E","settings":null},{"command":"insert","method":"replaceWith","selector":"#meet-category-2316","data":"\u003Ca href=\u0022\/ajax\/meet-weber-articles?category=2316\u0022 class=\u0022btn btn-outline btn-default center-block articles-list-category use-ajax\u0022 id=\u0022meet-category-2316\u0022\u003EProductos y Sistemas\u003C\/a\u003E","settings":null},{"command":"insert","method":"replaceWith","selector":"#meet-show-more","data":"\u003Ca href=\u0022\/ajax\/meet-weber-articles?page=1\u0026amp;category=406\u0022 class=\u0022btn btn-outline btn-default use-ajax\u0022 id=\u0022meet-show-more\u0022\u003EM\u00e1s art\u00edculos\u003C\/a\u003E","settings":null},{"command":"insertWithRefreshMaxHeight","method":"replaceWith","selector":"#articlesList","data":"\u003Cdiv id=\u0022articlesList\u0022 class=\u0022row\u0022\u003E\u003Cdiv class=\u0022col-sm-6 col-md-4\u0022\u003E\n  \u003Ca href=\u0022\/vuelve-la-yellow-week-2025\u0022 data-mh=\u0022thumbnail\u0022 class=\u0022thumbnail thumbnail-default\u0022\u003E\n          \u003Cdiv class=\u0022thumbnail-image\u0022\u003E\n              \u003Cimg alt=\u0022Yellow Week 2025 1\u0022 title=\u0022Yellow Week 2025 1\u0022 src=\u0022\/themes\/custom\/weber_base\/assets\/images\/placeholder.svg\u0022 width=\u0022768\u0022 height=\u0022432\u0022 loading=\u0022lazy\u0022 class=\u0022lazyload\u0022 data-src=\u0022\/files\/es\/styles\/768x432\/public\/pictures\/2025-05\/Yellow%20Week%202025%201.png.webp?itok=lKtQ0L3v\u0022 \/\u003E\n\n\n\n\n      \u003C\/div\u003E\n        \u003Cdiv class=\u0022caption\u0022\u003E\n              \u003Cdiv class=\u0022meta\u0022\u003E\u003Cspan class=\u0022label label-primary\u0022\u003E    Eventos y Formaci\u00f3n\n\u003C\/span\u003E\u003C\/div\u003E\n            \u003Ch3 class=\u0022thumbnail-title\u0022\u003E\u00a1Vuelve la Yellow Week 2025!\u003C\/h3\u003E\n    \u003C\/div\u003E\n  \u003C\/a\u003E\n\u003C\/div\u003E\n\u003Cdiv class=\u0022col-sm-6 col-md-4\u0022\u003E\n  \u003Ca href=\u0022\/saint-gobain-reconoce-las-mejores-practicas-de-construccion-sostenible-en-espana\u0022 data-mh=\u0022thumbnail\u0022 class=\u0022thumbnail thumbnail-default\u0022\u003E\n          \u003Cdiv class=\u0022thumbnail-image\u0022\u003E\n              \u003Cimg alt=\u0022SAINT-GOBAIN RECONOCE LAS MEJORES PR\u00c1CTICAS DE CONSTRUCCI\u00d3N SOSTENIBLE EN ESPA\u00d1A\u0022 title=\u0022SAINT-GOBAIN RECONOCE LAS MEJORES PR\u00c1CTICAS DE CONSTRUCCI\u00d3N SOSTENIBLE EN ESPA\u00d1A\u0022 src=\u0022\/themes\/custom\/weber_base\/assets\/images\/placeholder.svg\u0022 width=\u0022768\u0022 height=\u0022432\u0022 loading=\u0022lazy\u0022 class=\u0022lazyload\u0022 data-src=\u0022\/files\/es\/styles\/768x432\/public\/pictures\/2024-10\/Premios%20Saint-Gobain.jpg.webp?itok=D-6gD3x5\u0022 \/\u003E\n\n\n\n\n      \u003C\/div\u003E\n        \u003Cdiv class=\u0022caption\u0022\u003E\n              \u003Cdiv class=\u0022meta\u0022\u003E\u003Cspan class=\u0022label label-primary\u0022\u003E    Eventos y Formaci\u00f3n\n\u003C\/span\u003E\u003C\/div\u003E\n            \u003Ch3 class=\u0022thumbnail-title\u0022\u003ESAINT-GOBAIN RECONOCE LAS MEJORES PR\u00c1CTICAS DE CONSTRUCCI\u00d3N SOSTENIBLE EN ESPA\u00d1A\u003C\/h3\u003E\n    \u003C\/div\u003E\n  \u003C\/a\u003E\n\u003C\/div\u003E\n\u003Cdiv class=\u0022col-sm-6 col-md-4\u0022\u003E\n  \u003Ca href=\u0022\/vuelve-la-yellow-week-con-future\u0022 data-mh=\u0022thumbnail\u0022 class=\u0022thumbnail thumbnail-default\u0022\u003E\n          \u003Cdiv class=\u0022thumbnail-image\u0022\u003E\n              \u003Cimg alt=\u0022Banner web_Yellow_Week_2024\u0022 title=\u0022Banner web_Yellow_Week_2024\u0022 src=\u0022\/themes\/custom\/weber_base\/assets\/images\/placeholder.svg\u0022 width=\u0022768\u0022 height=\u0022432\u0022 loading=\u0022lazy\u0022 class=\u0022lazyload\u0022 data-src=\u0022\/files\/es\/styles\/768x432\/public\/pictures\/2024-06\/LinkedIN%20YW%20Weber.png.webp?itok=9WzBvA5E\u0022 \/\u003E\n\n\n\n\n      \u003C\/div\u003E\n        \u003Cdiv class=\u0022caption\u0022\u003E\n              \u003Cdiv class=\u0022meta\u0022\u003E\u003Cspan class=\u0022label label-primary\u0022\u003E    Eventos y Formaci\u00f3n\n\u003C\/span\u003E\u003C\/div\u003E\n            \u003Ch3 class=\u0022thumbnail-title\u0022\u003E\u00a1Vuelve la Yellow Week con futuRE!\u003C\/h3\u003E\n    \u003C\/div\u003E\n  \u003C\/a\u003E\n\u003C\/div\u003E\n\u003Cdiv class=\u0022col-sm-6 col-md-4\u0022\u003E\n  \u003Ca href=\u0022\/saint-gobain-isover-y-weber-presentan-sus-soluciones-tecnicas-ligeras-y-eficientes-en-navalia-2024\u0022 data-mh=\u0022thumbnail\u0022 class=\u0022thumbnail thumbnail-default\u0022\u003E\n          \u003Cdiv class=\u0022thumbnail-image\u0022\u003E\n              \u003Cimg alt=\u0022SAINT-GOBAIN ISOVER Y WEBER PRESENTAN SUS SOLUCIONES T\u00c9CNICAS, LIGERAS Y EFICIENTES EN NAVALIA 2024\u0022 title=\u0022SAINT-GOBAIN ISOVER Y WEBER PRESENTAN SUS SOLUCIONES T\u00c9CNICAS, LIGERAS Y EFICIENTES EN NAVALIA 2024\u0022 src=\u0022\/themes\/custom\/weber_base\/assets\/images\/placeholder.svg\u0022 width=\u0022768\u0022 height=\u0022432\u0022 loading=\u0022lazy\u0022 class=\u0022lazyload\u0022 data-src=\u0022\/files\/es\/styles\/768x432\/public\/pictures\/2024-05\/Ndp-Navalia-2024-2.jpg.webp?itok=no3K0rx-\u0022 \/\u003E\n\n\n\n\n      \u003C\/div\u003E\n        \u003Cdiv class=\u0022caption\u0022\u003E\n              \u003Cdiv class=\u0022meta\u0022\u003E\u003Cspan class=\u0022label label-primary\u0022\u003E    Innovaci\u00f3n y Desarrollo\n    Eventos y Formaci\u00f3n\n\u003C\/span\u003E\u003C\/div\u003E\n            \u003Ch3 class=\u0022thumbnail-title\u0022\u003ESAINT-GOBAIN ISOVER Y WEBER PRESENTAN SUS SOLUCIONES T\u00c9CNICAS, LIGERAS Y EFICIENTES EN NAVALIA 2024\u003C\/h3\u003E\n    \u003C\/div\u003E\n  \u003C\/a\u003E\n\u003C\/div\u003E\n\u003Cdiv class=\u0022col-sm-6 col-md-4\u0022\u003E\n  \u003Ca href=\u0022\/el-52o-encuentro-caliclub-reune-400-profesionales-destacados-del-mercado-de-fachada-y-pavimentos\u0022 data-mh=\u0022thumbnail\u0022 class=\u0022thumbnail thumbnail-default\u0022\u003E\n          \u003Cdiv class=\u0022thumbnail-image\u0022\u003E\n              \u003Cimg alt=\u002252 Encuentro Caliclub\u0022 title=\u002252 Encuentro Caliclub\u0022 src=\u0022\/themes\/custom\/weber_base\/assets\/images\/placeholder.svg\u0022 width=\u0022768\u0022 height=\u0022432\u0022 loading=\u0022lazy\u0022 class=\u0022lazyload\u0022 data-src=\u0022\/files\/es\/styles\/768x432\/public\/pictures\/2023-10\/52%20Encuentro%20Caliclub_1.jpg.webp?itok=RDR-vkYo\u0022 \/\u003E\n\n\n\n\n      \u003C\/div\u003E\n        \u003Cdiv class=\u0022caption\u0022\u003E\n              \u003Cdiv class=\u0022meta\u0022\u003E\u003Cspan class=\u0022label label-primary\u0022\u003E    Eventos y Formaci\u00f3n\n\u003C\/span\u003E\u003C\/div\u003E\n            \u003Ch3 class=\u0022thumbnail-title\u0022\u003EEl 52\u00ba Encuentro Caliclub re\u00fane a 400 profesionales destacados del mercado de fachada y pavimentos\u003C\/h3\u003E\n    \u003C\/div\u003E\n  \u003C\/a\u003E\n\u003C\/div\u003E\n\u003Cdiv class=\u0022col-sm-6 col-md-4\u0022\u003E\n  \u003Ca href=\u0022\/yellow-week-con-fibragel\u0022 data-mh=\u0022thumbnail\u0022 class=\u0022thumbnail thumbnail-default\u0022\u003E\n          \u003Cdiv class=\u0022thumbnail-image\u0022\u003E\n              \u003Cimg alt=\u0022Banner art\u00edculo web YW IV (1)\u0022 title=\u0022Banner art\u00edculo web YW IV (1)\u0022 src=\u0022\/themes\/custom\/weber_base\/assets\/images\/placeholder.svg\u0022 width=\u0022768\u0022 height=\u0022432\u0022 loading=\u0022lazy\u0022 class=\u0022lazyload\u0022 data-src=\u0022\/files\/es\/styles\/768x432\/public\/pictures\/2023-06\/Banner%20art%C3%ADculo%20web%20YW%20IV%20%281%29.png.webp?itok=74c5JBmg\u0022 \/\u003E\n\n\n\n\n      \u003C\/div\u003E\n        \u003Cdiv class=\u0022caption\u0022\u003E\n              \u003Cdiv class=\u0022meta\u0022\u003E\u003Cspan class=\u0022label label-primary\u0022\u003E    Eventos y Formaci\u00f3n\n\u003C\/span\u003E\u003C\/div\u003E\n            \u003Ch3 class=\u0022thumbnail-title\u0022\u003E\u00a1Vuelve la Yellow Week con FIBRAGEL!\u003C\/h3\u003E\n    \u003C\/div\u003E\n  \u003C\/a\u003E\n\u003C\/div\u003E\n\u003C\/div\u003E","settings":null}]