[{"command":"add_js","selector":"body","data":[{"src":"\/files\/es\/js\/js_9T00N7GF3d27rdHEw4YmnIXutRXRbSXGeLT6JNUF5RQ.js?scope=footer\u0026delta=0\u0026language=es\u0026theme=weber_base\u0026include=eJzLSayqzMlPTEkt0s8BMoszq1KLdXMz8wB7jAnG"}]},{"command":"insert","method":"replaceWith","selector":"#meet-category-401","data":"\u003Ca href=\u0022\/ajax\/meet-weber-articles\u0022 class=\u0022btn btn-outline btn-default center-block articles-list-category use-ajax\u0022 id=\u0022meet-category-401\u0022 style=\u0022background-color: #ccc\u0022\u003E\u003Cspan class=\u0022fa fa-close\u0022 style=\u0022margin-right: 4px;\u0022\u003E\u003C\/span\u003EInnovaci\u00f3n y Desarrollo\u003C\/a\u003E","settings":null},{"command":"insert","method":"replaceWith","selector":"#meet-category-406","data":"\u003Ca href=\u0022\/ajax\/meet-weber-articles?category=406\u0022 class=\u0022btn btn-outline btn-default center-block articles-list-category use-ajax\u0022 id=\u0022meet-category-406\u0022\u003EEventos y Formaci\u00f3n\u003C\/a\u003E","settings":null},{"command":"insert","method":"replaceWith","selector":"#meet-category-411","data":"\u003Ca href=\u0022\/ajax\/meet-weber-articles?category=411\u0022 class=\u0022btn btn-outline btn-default center-block articles-list-category use-ajax\u0022 id=\u0022meet-category-411\u0022\u003ESostenibilidad y Salud\u003C\/a\u003E","settings":null},{"command":"insert","method":"replaceWith","selector":"#meet-category-416","data":"\u003Ca href=\u0022\/ajax\/meet-weber-articles?category=416\u0022 class=\u0022btn btn-outline btn-default center-block articles-list-category use-ajax\u0022 id=\u0022meet-category-416\u0022\u003EResponsabilidad Social Corporativa\u003C\/a\u003E","settings":null},{"command":"insert","method":"replaceWith","selector":"#meet-category-581","data":"\u003Ca href=\u0022\/ajax\/meet-weber-articles?category=581\u0022 class=\u0022btn btn-outline btn-default center-block articles-list-category use-ajax\u0022 id=\u0022meet-category-581\u0022\u003EReconocimientos y Premios\u003C\/a\u003E","settings":null},{"command":"insert","method":"replaceWith","selector":"#meet-category-2316","data":"\u003Ca href=\u0022\/ajax\/meet-weber-articles?category=2316\u0022 class=\u0022btn btn-outline btn-default center-block articles-list-category use-ajax\u0022 id=\u0022meet-category-2316\u0022\u003EProductos y Sistemas\u003C\/a\u003E","settings":null},{"command":"insert","method":"replaceWith","selector":"#meet-show-more","data":"\u003Ca href=\u0022\/ajax\/meet-weber-articles?page=1\u0026amp;category=401\u0022 class=\u0022btn btn-outline btn-default use-ajax\u0022 id=\u0022meet-show-more\u0022\u003EM\u00e1s art\u00edculos\u003C\/a\u003E","settings":null},{"command":"insertWithRefreshMaxHeight","method":"replaceWith","selector":"#articlesList","data":"\u003Cdiv id=\u0022articlesList\u0022 class=\u0022row\u0022\u003E\u003Cdiv class=\u0022col-sm-6 col-md-4\u0022\u003E\n  \u003Ca href=\u0022\/saint-gobain-presenta-su-nuevo-catalogo-de-soluciones-para-fachadas\u0022 data-mh=\u0022thumbnail\u0022 class=\u0022thumbnail thumbnail-default\u0022\u003E\n          \u003Cdiv class=\u0022thumbnail-image\u0022\u003E\n              \u003Cimg alt=\u0022Cat\u00e1logo Fachadas\u0022 title=\u0022Cat\u00e1logo Fachadas\u0022 src=\u0022\/themes\/custom\/weber_base\/assets\/images\/placeholder.svg\u0022 width=\u0022768\u0022 height=\u0022432\u0022 loading=\u0022lazy\u0022 class=\u0022lazyload\u0022 data-src=\u0022\/files\/es\/styles\/768x432\/public\/pictures\/2026-03\/Imagen%20cat%C3%A1logo%20de%20fachadas%202.png.webp?itok=e5SQ7DnP\u0022 \/\u003E\n\n\n\n\n      \u003C\/div\u003E\n        \u003Cdiv class=\u0022caption\u0022\u003E\n              \u003Cdiv class=\u0022meta\u0022\u003E\u003Cspan class=\u0022label label-primary\u0022\u003E    Innovaci\u00f3n y Desarrollo\n\u003C\/span\u003E\u003C\/div\u003E\n            \u003Ch3 class=\u0022thumbnail-title\u0022\u003ESAINT-GOBAIN PRESENTA SU NUEVO CAT\u00c1LOGO DE SOLUCIONES PARA FACHADAS\u003C\/h3\u003E\n    \u003C\/div\u003E\n  \u003C\/a\u003E\n\u003C\/div\u003E\n\u003Cdiv class=\u0022col-sm-6 col-md-4\u0022\u003E\n  \u003Ca href=\u0022\/saint-gobain-resalta-la-eficiencia-energetica-como-clave-para-el-bienestar-hospitalario\u0022 data-mh=\u0022thumbnail\u0022 class=\u0022thumbnail thumbnail-default\u0022\u003E\n          \u003Cdiv class=\u0022thumbnail-image\u0022\u003E\n              \u003Cimg alt=\u0022Bar\u00f3metro Hospitales 4\u0022 title=\u0022Bar\u00f3metro Hospitales 4\u0022 src=\u0022\/themes\/custom\/weber_base\/assets\/images\/placeholder.svg\u0022 width=\u0022768\u0022 height=\u0022432\u0022 loading=\u0022lazy\u0022 class=\u0022lazyload\u0022 data-src=\u0022\/files\/es\/styles\/768x432\/public\/pictures\/2026-03\/Barometro%204.png.webp?itok=XbnODBd1\u0022 \/\u003E\n\n\n\n\n      \u003C\/div\u003E\n        \u003Cdiv class=\u0022caption\u0022\u003E\n              \u003Cdiv class=\u0022meta\u0022\u003E\u003Cspan class=\u0022label label-primary\u0022\u003E    Innovaci\u00f3n y Desarrollo\n\u003C\/span\u003E\u003C\/div\u003E\n            \u003Ch3 class=\u0022thumbnail-title\u0022\u003ESAINT-GOBAIN RESALTA LA EFICIENCIA ENERG\u00c9TICA COMO CLAVE PARA EL BIENESTAR HOSPITALARIO\u003C\/h3\u003E\n    \u003C\/div\u003E\n  \u003C\/a\u003E\n\u003C\/div\u003E\n\u003Cdiv class=\u0022col-sm-6 col-md-4\u0022\u003E\n  \u003Ca href=\u0022\/aislamiento-confort-y-eficiencia-la-propuesta-de-saint-gobain-ante-la-llegada-del-invierno\u0022 data-mh=\u0022thumbnail\u0022 class=\u0022thumbnail thumbnail-default\u0022\u003E\n          \u003Cdiv class=\u0022thumbnail-image\u0022\u003E\n              \u003Cimg alt=\u0022Salon HABITO y Arena APTA\u0022 title=\u0022Salon HABITO y Arena APTA\u0022 src=\u0022\/themes\/custom\/weber_base\/assets\/images\/placeholder.svg\u0022 width=\u0022768\u0022 height=\u0022432\u0022 loading=\u0022lazy\u0022 class=\u0022lazyload\u0022 data-src=\u0022\/files\/es\/styles\/768x432\/public\/pictures\/2026-02\/Sal%C3%B3n%20con%20paredes%20HABITO%20y%20arena%20APTA.jpg.webp?itok=boDiuEcd\u0022 \/\u003E\n\n\n\n\n      \u003C\/div\u003E\n        \u003Cdiv class=\u0022caption\u0022\u003E\n              \u003Cdiv class=\u0022meta\u0022\u003E\u003Cspan class=\u0022label label-primary\u0022\u003E    Innovaci\u00f3n y Desarrollo\n\u003C\/span\u003E\u003C\/div\u003E\n            \u003Ch3 class=\u0022thumbnail-title\u0022\u003EAISLAMIENTO, CONFORT Y EFICIENCIA: LA PROPUESTA DE SAINT-GOBAIN ANTE LA LLEGADA DEL INVIERNO\u003C\/h3\u003E\n    \u003C\/div\u003E\n  \u003C\/a\u003E\n\u003C\/div\u003E\n\u003Cdiv class=\u0022col-sm-6 col-md-4\u0022\u003E\n  \u003Ca href=\u0022\/saint-gobain-lanza-recircula-el-servicio-integral-de-economia-circular-para-el-sector-de-la-construccion\u0022 data-mh=\u0022thumbnail\u0022 class=\u0022thumbnail thumbnail-default\u0022\u003E\n          \u003Cdiv class=\u0022thumbnail-image\u0022\u003E\n              \u003Cimg alt=\u0022Saint-Gobain lanza RECIRCULA\u0022 title=\u0022Saint-Gobain lanza RECIRCULA\u0022 src=\u0022\/themes\/custom\/weber_base\/assets\/images\/placeholder.svg\u0022 width=\u0022768\u0022 height=\u0022432\u0022 loading=\u0022lazy\u0022 class=\u0022lazyload\u0022 data-src=\u0022\/files\/es\/styles\/768x432\/public\/pictures\/2026-01\/Saint-Gobain%20REcircula_0.png.webp?itok=js5liOFw\u0022 \/\u003E\n\n\n\n\n      \u003C\/div\u003E\n        \u003Cdiv class=\u0022caption\u0022\u003E\n              \u003Cdiv class=\u0022meta\u0022\u003E\u003Cspan class=\u0022label label-primary\u0022\u003E    Innovaci\u00f3n y Desarrollo\n\u003C\/span\u003E\u003C\/div\u003E\n            \u003Ch3 class=\u0022thumbnail-title\u0022\u003ESAINT-GOBAIN LANZA RECIRCULA: EL SERVICIO INTEGRAL DE ECONOM\u00cdA CIRCULAR PARA EL SECTOR DE LA CONSTRUCCI\u00d3N\u003C\/h3\u003E\n    \u003C\/div\u003E\n  \u003C\/a\u003E\n\u003C\/div\u003E\n\u003Cdiv class=\u0022col-sm-6 col-md-4\u0022\u003E\n  \u003Ca href=\u0022\/saint-gobain-reconoce-las-mejores-practicas-de-construccion-sostenible-en-espana-en-la-3a-edicion-de-sus-premios\u0022 data-mh=\u0022thumbnail\u0022 class=\u0022thumbnail thumbnail-default\u0022\u003E\n          \u003Cdiv class=\u0022thumbnail-image\u0022\u003E\n              \u003Cimg alt=\u0022SAINT-GOBAIN RECONOCE LAS MEJORES PR\u00c1CTICAS DE CONSTRUCCI\u00d3N SOSTENIBLE EN ESPA\u00d1A EN LA 3\u00aa EDICI\u00d3N DE SUS PREMIOS\u0022 title=\u0022SAINT-GOBAIN RECONOCE LAS MEJORES PR\u00c1CTICAS DE CONSTRUCCI\u00d3N SOSTENIBLE EN ESPA\u00d1A EN LA 3\u00aa EDICI\u00d3N DE SUS PREMIOS\u0022 src=\u0022\/themes\/custom\/weber_base\/assets\/images\/placeholder.svg\u0022 width=\u0022768\u0022 height=\u0022432\u0022 loading=\u0022lazy\u0022 class=\u0022lazyload\u0022 data-src=\u0022\/files\/es\/styles\/768x432\/public\/pictures\/2025-10\/Imagen%20noticia.png.webp?itok=SmLGasnv\u0022 \/\u003E\n\n\n\n\n      \u003C\/div\u003E\n        \u003Cdiv class=\u0022caption\u0022\u003E\n              \u003Cdiv class=\u0022meta\u0022\u003E\u003Cspan class=\u0022label label-primary\u0022\u003E    Innovaci\u00f3n y Desarrollo\n\u003C\/span\u003E\u003C\/div\u003E\n            \u003Ch3 class=\u0022thumbnail-title\u0022\u003ESAINT-GOBAIN RECONOCE LAS MEJORES PR\u00c1CTICAS DE CONSTRUCCI\u00d3N SOSTENIBLE EN ESPA\u00d1A EN LA 3\u00aa EDICI\u00d3N DE SUS PREMIOS\u003C\/h3\u003E\n    \u003C\/div\u003E\n  \u003C\/a\u003E\n\u003C\/div\u003E\n\u003Cdiv class=\u0022col-sm-6 col-md-4\u0022\u003E\n  \u003Ca href=\u0022\/saint-gobain-lanza-su-nuevo-plan-estrategico-global-para-liderar-la-transformacion-del-sector-de-la-construccion-lead-grow\u0022 data-mh=\u0022thumbnail\u0022 class=\u0022thumbnail thumbnail-default\u0022\u003E\n          \u003Cdiv class=\u0022thumbnail-image\u0022\u003E\n              \u003Cimg alt=\u0022Encuentro Caliclub\u0022 title=\u0022Encuentro Caliclub\u0022 src=\u0022\/themes\/custom\/weber_base\/assets\/images\/placeholder.svg\u0022 width=\u0022768\u0022 height=\u0022432\u0022 loading=\u0022lazy\u0022 class=\u0022lazyload\u0022 data-src=\u0022\/files\/es\/styles\/768x432\/public\/pictures\/2026-02\/Encuentro%20Caliclub%202023_1.jpg.webp?itok=Qw0iBdo_\u0022 \/\u003E\n\n\n\n\n      \u003C\/div\u003E\n        \u003Cdiv class=\u0022caption\u0022\u003E\n              \u003Cdiv class=\u0022meta\u0022\u003E\u003Cspan class=\u0022label label-primary\u0022\u003E    Innovaci\u00f3n y Desarrollo\n\u003C\/span\u003E\u003C\/div\u003E\n            \u003Ch3 class=\u0022thumbnail-title\u0022\u003ESAINT-GOBAIN LANZA SU NUEVO PLAN ESTRAT\u00c9GICO GLOBAL PARA LIDERAR LA TRANSFORMACI\u00d3N DEL SECTOR DE LA CONSTRUCCI\u00d3N: \u0026quot;LEAD \u0026amp; GROW\u0026quot;\u003C\/h3\u003E\n    \u003C\/div\u003E\n  \u003C\/a\u003E\n\u003C\/div\u003E\n\u003C\/div\u003E","settings":null}]