[{"command":"add_js","selector":"body","data":[{"src":"\/files\/es\/js\/js_9T00N7GF3d27rdHEw4YmnIXutRXRbSXGeLT6JNUF5RQ.js?scope=footer\u0026delta=0\u0026language=es\u0026theme=weber_base\u0026include=eJzLSayqzMlPTEkt0s8BMoszq1KLdXMz8wB7jAnG"}]},{"command":"insert","method":"replaceWith","selector":"#meet-category-401","data":"\u003Ca href=\u0022\/ajax\/meet-weber-articles?category=401\u0022 class=\u0022btn btn-outline btn-default center-block articles-list-category use-ajax\u0022 id=\u0022meet-category-401\u0022\u003EInnovaci\u00f3n y Desarrollo\u003C\/a\u003E","settings":null},{"command":"insert","method":"replaceWith","selector":"#meet-category-406","data":"\u003Ca href=\u0022\/ajax\/meet-weber-articles?category=406\u0022 class=\u0022btn btn-outline btn-default center-block articles-list-category use-ajax\u0022 id=\u0022meet-category-406\u0022\u003EEventos y Formaci\u00f3n\u003C\/a\u003E","settings":null},{"command":"insert","method":"replaceWith","selector":"#meet-category-411","data":"\u003Ca href=\u0022\/ajax\/meet-weber-articles?category=411\u0022 class=\u0022btn btn-outline btn-default center-block articles-list-category use-ajax\u0022 id=\u0022meet-category-411\u0022\u003ESostenibilidad y Salud\u003C\/a\u003E","settings":null},{"command":"insert","method":"replaceWith","selector":"#meet-category-416","data":"\u003Ca href=\u0022\/ajax\/meet-weber-articles?category=416\u0022 class=\u0022btn btn-outline btn-default center-block articles-list-category use-ajax\u0022 id=\u0022meet-category-416\u0022\u003EResponsabilidad Social Corporativa\u003C\/a\u003E","settings":null},{"command":"insert","method":"replaceWith","selector":"#meet-category-581","data":"\u003Ca href=\u0022\/ajax\/meet-weber-articles?category=581\u0022 class=\u0022btn btn-outline btn-default center-block articles-list-category use-ajax\u0022 id=\u0022meet-category-581\u0022\u003EReconocimientos y Premios\u003C\/a\u003E","settings":null},{"command":"insert","method":"replaceWith","selector":"#meet-category-2316","data":"\u003Ca href=\u0022\/ajax\/meet-weber-articles\u0022 class=\u0022btn btn-outline btn-default center-block articles-list-category use-ajax\u0022 id=\u0022meet-category-2316\u0022 style=\u0022background-color: #ccc\u0022\u003E\u003Cspan class=\u0022fa fa-close\u0022 style=\u0022margin-right: 4px;\u0022\u003E\u003C\/span\u003EProductos y Sistemas\u003C\/a\u003E","settings":null},{"command":"insert","method":"replaceWith","selector":"#meet-show-more","data":"\u003Ca href=\u0022\/ajax\/meet-weber-articles?page=1\u0026amp;category=2316\u0022 class=\u0022btn btn-outline btn-default use-ajax\u0022 id=\u0022meet-show-more\u0022\u003EM\u00e1s art\u00edculos\u003C\/a\u003E","settings":null},{"command":"insertWithRefreshMaxHeight","method":"replaceWith","selector":"#articlesList","data":"\u003Cdiv id=\u0022articlesList\u0022 class=\u0022row\u0022\u003E\u003Cdiv class=\u0022col-sm-6 col-md-4\u0022\u003E\n  \u003Ca href=\u0022\/montrove-estrena-vivienda-pasiva-confort-y-diseno-con-weberfloor\u0022 data-mh=\u0022thumbnail\u0022 class=\u0022thumbnail thumbnail-default\u0022\u003E\n          \u003Cdiv class=\u0022thumbnail-image\u0022\u003E\n              \u003Cimg alt=\u0022Montrove Vivienda Unifamiliar\u0022 title=\u0022Montrove Vivienda Unifamiliar\u0022 src=\u0022\/themes\/custom\/weber_base\/assets\/images\/placeholder.svg\u0022 width=\u0022768\u0022 height=\u0022432\u0022 loading=\u0022lazy\u0022 class=\u0022lazyload\u0022 data-src=\u0022\/files\/es\/styles\/768x432\/public\/pictures\/2026-04\/Montrove%2001.jpg?itok=qaNbK-K2\u0022 \/\u003E\n\n\n\n\n      \u003C\/div\u003E\n        \u003Cdiv class=\u0022caption\u0022\u003E\n              \u003Cdiv class=\u0022meta\u0022\u003E\u003Cspan class=\u0022label label-primary\u0022\u003E    Productos y Sistemas\n\u003C\/span\u003E\u003C\/div\u003E\n            \u003Ch3 class=\u0022thumbnail-title\u0022\u003EMONTROVE ESTRENA VIVIENDA PASIVA: CONFORT Y DISE\u00d1O CON WEBERFLOOR\u003C\/h3\u003E\n    \u003C\/div\u003E\n  \u003C\/a\u003E\n\u003C\/div\u003E\n\u003Cdiv class=\u0022col-sm-6 col-md-4\u0022\u003E\n  \u003Ca href=\u0022\/webercol-supergel-ergo-maxima-ligereza-en-colocacion-ceramica\u0022 data-mh=\u0022thumbnail\u0022 class=\u0022thumbnail thumbnail-default\u0022\u003E\n          \u003Cdiv class=\u0022thumbnail-image\u0022\u003E\n              \u003Cimg alt=\u0022webercol SUPERGEL ergo\u0022 title=\u0022webercol SUPERGEL ergo\u0022 src=\u0022\/themes\/custom\/weber_base\/assets\/images\/placeholder.svg\u0022 width=\u0022768\u0022 height=\u0022432\u0022 loading=\u0022lazy\u0022 class=\u0022lazyload\u0022 data-src=\u0022\/files\/es\/styles\/768x432\/public\/pictures\/2026-03\/01.png.webp?itok=-NipCHvL\u0022 \/\u003E\n\n\n\n\n      \u003C\/div\u003E\n        \u003Cdiv class=\u0022caption\u0022\u003E\n              \u003Cdiv class=\u0022meta\u0022\u003E\u003Cspan class=\u0022label label-primary\u0022\u003E    Productos y Sistemas\n\u003C\/span\u003E\u003C\/div\u003E\n            \u003Ch3 class=\u0022thumbnail-title\u0022\u003EWEBERCOL SUPERGEL ERGO: M\u00c1XIMA LIGEREZA EN COLOCACI\u00d3N CER\u00c1MICA\u003C\/h3\u003E\n    \u003C\/div\u003E\n  \u003C\/a\u003E\n\u003C\/div\u003E\n\u003Cdiv class=\u0022col-sm-6 col-md-4\u0022\u003E\n  \u003Ca href=\u0022\/saint-gobain-weber-lanza-webertherm-base-ergo-el-nuevo-mortero-sate-ultraligero-para-un-trabajo-mas-agil-y-eficiente\u0022 data-mh=\u0022thumbnail\u0022 class=\u0022thumbnail thumbnail-default\u0022\u003E\n          \u003Cdiv class=\u0022thumbnail-image\u0022\u003E\n              \u003Cimg alt=\u0022webertherm erGO\u0022 title=\u0022webertherm erGO\u0022 src=\u0022\/themes\/custom\/weber_base\/assets\/images\/placeholder.svg\u0022 width=\u0022768\u0022 height=\u0022432\u0022 loading=\u0022lazy\u0022 class=\u0022lazyload\u0022 data-src=\u0022\/files\/es\/styles\/768x432\/public\/pictures\/2026-02\/webertherm%20erGO%2002.png.webp?itok=CzGqxamw\u0022 \/\u003E\n\n\n\n\n      \u003C\/div\u003E\n        \u003Cdiv class=\u0022caption\u0022\u003E\n              \u003Cdiv class=\u0022meta\u0022\u003E\u003Cspan class=\u0022label label-primary\u0022\u003E    Productos y Sistemas\n\u003C\/span\u003E\u003C\/div\u003E\n            \u003Ch3 class=\u0022thumbnail-title\u0022\u003ESAINT\u2011GOBAIN WEBER LANZA WEBERTHERM BASE ERGO, EL NUEVO MORTERO SATE ULTRALIGERO PARA UN TRABAJO M\u00c1S \u00c1GIL Y EFICIENTE\u003C\/h3\u003E\n    \u003C\/div\u003E\n  \u003C\/a\u003E\n\u003C\/div\u003E\n\u003Cdiv class=\u0022col-sm-6 col-md-4\u0022\u003E\n  \u003Ca href=\u0022\/nueva-tarifa-de-precios-abril-2026\u0022 data-mh=\u0022thumbnail\u0022 class=\u0022thumbnail thumbnail-default\u0022\u003E\n          \u003Cdiv class=\u0022thumbnail-image\u0022\u003E\n              \u003Cimg alt=\u0022Portada tarifa\u0022 title=\u0022Portada tarifa\u0022 src=\u0022\/themes\/custom\/weber_base\/assets\/images\/placeholder.svg\u0022 width=\u0022768\u0022 height=\u0022432\u0022 loading=\u0022lazy\u0022 class=\u0022lazyload\u0022 data-src=\u0022\/files\/es\/styles\/768x432\/public\/pictures\/2026-04\/La%20guia%20weber_portada%20web.png?itok=7enYdkX-\u0022 \/\u003E\n\n\n\n\n      \u003C\/div\u003E\n        \u003Cdiv class=\u0022caption\u0022\u003E\n              \u003Cdiv class=\u0022meta\u0022\u003E\u003Cspan class=\u0022label label-primary\u0022\u003E    Productos y Sistemas\n\u003C\/span\u003E\u003C\/div\u003E\n            \u003Ch3 class=\u0022thumbnail-title\u0022\u003ENueva Tarifa de Precios abril 2026\u003C\/h3\u003E\n    \u003C\/div\u003E\n  \u003C\/a\u003E\n\u003C\/div\u003E\n\u003Cdiv class=\u0022col-sm-6 col-md-4\u0022\u003E\n  \u003Ca href=\u0022\/mas-de-26000-m2-de-soluciones-saintgobain-instaladas-en-el-nuevo-hotel-bitagora-de-barcelona\u0022 data-mh=\u0022thumbnail\u0022 class=\u0022thumbnail thumbnail-default\u0022\u003E\n          \u003Cdiv class=\u0022thumbnail-image\u0022\u003E\n              \u003Cimg alt=\u0022Proyecto Bit\u00e0gora \u0022 title=\u0022Proyecto Bit\u00e0gora \u0022 src=\u0022\/themes\/custom\/weber_base\/assets\/images\/placeholder.svg\u0022 width=\u0022768\u0022 height=\u0022432\u0022 loading=\u0022lazy\u0022 class=\u0022lazyload\u0022 data-src=\u0022\/files\/es\/styles\/768x432\/public\/pictures\/2025-11\/PG.png.webp?itok=l_Qg2nF6\u0022 \/\u003E\n\n\n\n\n      \u003C\/div\u003E\n        \u003Cdiv class=\u0022caption\u0022\u003E\n              \u003Cdiv class=\u0022meta\u0022\u003E\u003Cspan class=\u0022label label-primary\u0022\u003E    Productos y Sistemas\n\u003C\/span\u003E\u003C\/div\u003E\n            \u003Ch3 class=\u0022thumbnail-title\u0022\u003EM\u00c1S DE 26.000 m\u00b2 DE SOLUCIONES SAINTGOBAIN INSTALADAS EN EL NUEVO HOTEL BIT\u00c1GORA DE BARCELONA\u003C\/h3\u003E\n    \u003C\/div\u003E\n  \u003C\/a\u003E\n\u003C\/div\u003E\n\u003Cdiv class=\u0022col-sm-6 col-md-4\u0022\u003E\n  \u003Ca href=\u0022\/saint-gobain-weber-primer-fabricante-en-espana-en-obtener-un-dau-para-su-gama-de-suelos-industriales\u0022 data-mh=\u0022thumbnail\u0022 class=\u0022thumbnail thumbnail-default\u0022\u003E\n          \u003Cdiv class=\u0022thumbnail-image\u0022\u003E\n              \u003Cimg alt=\u0022DAU_1\u0022 title=\u0022DAU_1\u0022 src=\u0022\/themes\/custom\/weber_base\/assets\/images\/placeholder.svg\u0022 width=\u0022768\u0022 height=\u0022432\u0022 loading=\u0022lazy\u0022 class=\u0022lazyload\u0022 data-src=\u0022\/files\/es\/styles\/768x432\/public\/pictures\/2022-01\/wb.floor%20granite%20interior.jpg.webp?itok=IJZhlo8t\u0022 \/\u003E\n\n\n\n\n      \u003C\/div\u003E\n        \u003Cdiv class=\u0022caption\u0022\u003E\n              \u003Cdiv class=\u0022meta\u0022\u003E\u003Cspan class=\u0022label label-primary\u0022\u003E    Productos y Sistemas\n\u003C\/span\u003E\u003C\/div\u003E\n            \u003Ch3 class=\u0022thumbnail-title\u0022\u003ESaint-Gobain Weber, primer fabricante en Espa\u00f1a en obtener un DAU para su gama de suelos industriales\u003C\/h3\u003E\n    \u003C\/div\u003E\n  \u003C\/a\u003E\n\u003C\/div\u003E\n\u003C\/div\u003E","settings":null}]